{"id":4107,"date":"2024-03-23T17:55:59","date_gmt":"2024-03-23T16:55:59","guid":{"rendered":"https:\/\/campingriquewihr.com\/wiedereroeffnung-der-saison-2024-freitag-29-maerz-2024\/"},"modified":"2024-03-23T17:55:59","modified_gmt":"2024-03-23T16:55:59","slug":"wiedereroeffnung-der-saison-2024-freitag-29-maerz-2024","status":"publish","type":"post","link":"https:\/\/campingriquewihr.com\/de\/wiedereroeffnung-der-saison-2024-freitag-29-maerz-2024\/","title":{"rendered":"Wiederer\u00f6ffnung der Saison 2024: Freitag, 29. M\u00e4rz 2024"},"content":{"rendered":"<div class=\"w-full text-token-text-primary\" data-testid=\"conversation-turn-3\">\n<div class=\"px-4 py-2 justify-center text-base md:gap-6 m-auto\">\n<div class=\"flex flex-1 text-base mx-auto gap-3 md:px-5 lg:px-1 xl:px-5 md:max-w-3xl lg:max-w-[40rem] xl:max-w-[48rem] group\">\n<div class=\"relative flex w-full flex-col agent-turn\">\n<div class=\"flex-col gap-1 md:gap-3\">\n<div class=\"flex flex-grow flex-col max-w-full\">\n<div class=\"min-h-[20px] text-message flex flex-col items-start gap-3 whitespace-pre-wrap break-words [.text-message+&amp;]:mt-5 overflow-x-auto\" data-message-author-role=\"assistant\" data-message-id=\"a278ca75-2581-4231-9e1d-408bb439b784\">\n<div class=\"markdown prose w-full break-words dark:prose-invert light\">\n<p>Das ist eine tolle Nachricht! Der Campingplatz wird am Freitag, den 29. M\u00e4rz 2024, durchgehend von 9.00 bis 20.00 Uhr ge\u00f6ffnet sein.<\/p>\n<p>Au\u00dferdem werden fr\u00fche Ank\u00fcnfte angeboten, sodass Sie Ihren Tag gleich nach der Ankunft in vollen Z\u00fcgen genie\u00dfen k\u00f6nnen.<\/p>\n<p>Bei einer Ankunft nach 18 Uhr bitten wir Sie, die Rezeption per E-Mail (vorzugsweise) oder telefonisch zu informieren.<\/p>\n<\/div>\n<p>Wir freuen uns darauf, Sie begr\u00fc\u00dfen zu d\u00fcrfen. Bis bald<\/p>\n<p><img loading=\"lazy\" decoding=\"async\" class=\"alignnone size-medium wp-image-4100\" src=\"https:\/\/campingriquewihr.com\/wp-content\/uploads\/2024\/03\/ouverture-mars-2024-300x225.png\" alt=\"Er\u00f6ffnung M\u00e4rz 2024\" width=\"300\" height=\"225\"><\/p>\n<\/div><\/div>\n<\/p><\/div>\n<\/p><\/div>\n<\/p><\/div>\n<\/p><\/div>\n<\/p><\/div>\n","protected":false},"excerpt":{"rendered":"<p>Die Rezeption wird von 9:00 bis 20:00 Uhr durchgehend ge\u00f6ffnet sein.<\/p>\n","protected":false},"author":4,"featured_media":4103,"comment_status":"closed","ping_status":"closed","sticky":false,"template":"","format":"standard","meta":{"_seopress_robots_primary_cat":"none","_seopress_titles_title":"","_seopress_titles_desc":"","_seopress_robots_index":"","_et_pb_use_builder":"","_et_pb_old_content":"","_et_gb_content_width":"","footnotes":""},"categories":[47],"tags":[],"class_list":["post-4107","post","type-post","status-publish","format-standard","has-post-thumbnail","hentry","category-aktuelles-vom-campingplatz"],"_links":{"self":[{"href":"https:\/\/campingriquewihr.com\/de\/wp-json\/wp\/v2\/posts\/4107","targetHints":{"allow":["GET"]}}],"collection":[{"href":"https:\/\/campingriquewihr.com\/de\/wp-json\/wp\/v2\/posts"}],"about":[{"href":"https:\/\/campingriquewihr.com\/de\/wp-json\/wp\/v2\/types\/post"}],"author":[{"embeddable":true,"href":"https:\/\/campingriquewihr.com\/de\/wp-json\/wp\/v2\/users\/4"}],"replies":[{"embeddable":true,"href":"https:\/\/campingriquewihr.com\/de\/wp-json\/wp\/v2\/comments?post=4107"}],"version-history":[{"count":0,"href":"https:\/\/campingriquewihr.com\/de\/wp-json\/wp\/v2\/posts\/4107\/revisions"}],"wp:featuredmedia":[{"embeddable":true,"href":"https:\/\/campingriquewihr.com\/de\/wp-json\/wp\/v2\/media\/4103"}],"wp:attachment":[{"href":"https:\/\/campingriquewihr.com\/de\/wp-json\/wp\/v2\/media?parent=4107"}],"wp:term":[{"taxonomy":"category","embeddable":true,"href":"https:\/\/campingriquewihr.com\/de\/wp-json\/wp\/v2\/categories?post=4107"},{"taxonomy":"post_tag","embeddable":true,"href":"https:\/\/campingriquewihr.com\/de\/wp-json\/wp\/v2\/tags?post=4107"}],"curies":[{"name":"wp","href":"https:\/\/api.w.org\/{rel}","templated":true}]}}