{"id":4398,"date":"2025-09-30T17:46:54","date_gmt":"2025-09-30T15:46:54","guid":{"rendered":"https:\/\/campingriquewihr.com\/die-weihnachtsmaerkte\/"},"modified":"2025-09-28T10:38:34","modified_gmt":"2025-09-28T08:38:34","slug":"die-weihnachtsmaerkte","status":"publish","type":"post","link":"https:\/\/campingriquewihr.com\/de\/die-weihnachtsmaerkte\/","title":{"rendered":"Die Weihnachtsm\u00e4rkte 2025"},"content":{"rendered":"<p>Gehen Sie auf Entdeckungstour auf dem <a href=\"https:\/\/www.noel-colmar.com\/fr\/ribeauville-riquewihr\"><strong>mittelalterlichen Weihnachtsmarkt von Ribeauvill\u00e9.<\/strong><\/a> am 6.-7. und 13.-14. Dezember 2025 \ud83c\udf84<\/p>\n<p>A <a href=\"https:\/\/riquewihr.fr\/fr\/\"><strong>Riquewihr,<\/strong><\/a> Als eines der &#8222;Sch\u00f6nsten D\u00f6rfer Frankreichs&#8220; klassifiziert, k\u00f6nnen Sie vom 28. November bis 21. Dezember 2025 durch die wundersch\u00f6n beleuchteten Gassen schlendern.<\/p>\n<p>Auch in Bergheim ist das Staunen garantiert.<strong> <a href=\"https:\/\/www.ville-bergheim.fr\/\">Bergheim<\/a><\/strong><span class=\"stitre\">Die Mischung aus Tradition und Kreativit\u00e4t wird Sie mit seiner warmen und authentischen Atmosph\u00e4re im Herzen des beliebtesten Dorfes der Franzosen 2022 vom 28. November bis 30. November und vom 5. bis 7. Dezember 2025 verzaubern <\/span>.<\/p>\n<p>Es gibt auch andere <a href=\"https:\/\/www.noel-colmar.com\/fr\/ribeauville-riquewihr\/decouvrir\">kleine Weihnachtsm\u00e4rkte<\/a>, die Sie begeistern werden, darunter <a href=\"http:\/\/www.ostheim.fr\/\"><strong>Ostheim<\/strong><\/a>, <a href=\"http:\/\/www.bennwihr.fr\/\"><strong>Benn<\/strong><strong>wihr<\/strong><\/a>, <a href=\"http:\/\/www.mittelwihr.eu\/\"><strong>Mittelwihr<\/strong><\/a>, <a href=\"https:\/\/thannenkirch.fr\/fr\/\"><strong>Thannenkirch<\/strong><\/a> und <strong><a href=\"http:\/\/www.ville-guemar.fr\/\">Gu\u00e9mar<\/a> <\/strong>.<\/p>\n","protected":false},"excerpt":{"rendered":"<p>Weihnachten im Land von Ribeauvill\u00e9 und Riquewihr<\/p>\n","protected":false},"author":7,"featured_media":4509,"comment_status":"closed","ping_status":"closed","sticky":false,"template":"","format":"standard","meta":{"_seopress_robots_primary_cat":"none","_seopress_titles_title":"","_seopress_titles_desc":"","_seopress_robots_index":"","_et_pb_use_builder":"","_et_pb_old_content":"","_et_gb_content_width":"","footnotes":""},"categories":[41],"tags":[68],"class_list":["post-4398","post","type-post","status-publish","format-standard","has-post-thumbnail","hentry","category-zu-sehen-zu-tun","tag-camping-riquewihr-de"],"_links":{"self":[{"href":"https:\/\/campingriquewihr.com\/de\/wp-json\/wp\/v2\/posts\/4398","targetHints":{"allow":["GET"]}}],"collection":[{"href":"https:\/\/campingriquewihr.com\/de\/wp-json\/wp\/v2\/posts"}],"about":[{"href":"https:\/\/campingriquewihr.com\/de\/wp-json\/wp\/v2\/types\/post"}],"author":[{"embeddable":true,"href":"https:\/\/campingriquewihr.com\/de\/wp-json\/wp\/v2\/users\/7"}],"replies":[{"embeddable":true,"href":"https:\/\/campingriquewihr.com\/de\/wp-json\/wp\/v2\/comments?post=4398"}],"version-history":[{"count":1,"href":"https:\/\/campingriquewihr.com\/de\/wp-json\/wp\/v2\/posts\/4398\/revisions"}],"predecessor-version":[{"id":6786,"href":"https:\/\/campingriquewihr.com\/de\/wp-json\/wp\/v2\/posts\/4398\/revisions\/6786"}],"wp:featuredmedia":[{"embeddable":true,"href":"https:\/\/campingriquewihr.com\/de\/wp-json\/wp\/v2\/media\/4509"}],"wp:attachment":[{"href":"https:\/\/campingriquewihr.com\/de\/wp-json\/wp\/v2\/media?parent=4398"}],"wp:term":[{"taxonomy":"category","embeddable":true,"href":"https:\/\/campingriquewihr.com\/de\/wp-json\/wp\/v2\/categories?post=4398"},{"taxonomy":"post_tag","embeddable":true,"href":"https:\/\/campingriquewihr.com\/de\/wp-json\/wp\/v2\/tags?post=4398"}],"curies":[{"name":"wp","href":"https:\/\/api.w.org\/{rel}","templated":true}]}}