{"id":5129,"date":"2024-07-10T16:27:26","date_gmt":"2024-07-10T14:27:26","guid":{"rendered":"https:\/\/campingriquewihr.com\/park-von-wesserling\/"},"modified":"2025-07-16T10:51:01","modified_gmt":"2025-07-16T08:51:01","slug":"park-von-wesserling","status":"publish","type":"post","link":"https:\/\/campingriquewihr.com\/de\/park-von-wesserling\/","title":{"rendered":"Park von Wesserling"},"content":{"rendered":"<p style=\"text-align: center;\">Entdecken Sie den <a href=\"https:\/\/www.parc-wesserling.fr\/\">Parc de Wesserling<\/a>, die ehemalige k\u00f6nigliche Manufaktur und den heutigen Standort mit seinen vielen Facetten, wo Kulturerbe, Tourismus, Wirtschaft und lokales Leben eine Einheit bilden.<\/p>\n<p>Beginnen Sie Ihren Tages- oder Wochenendausflug in einem der f\u00fcnf pr\u00e4chtigen G\u00e4rten, die als &#8222;Jardin remarquable&#8220; (bemerkenswerter Garten) klassifiziert sind.<br \/>\nDas Leben in diesen G\u00e4rten wird von den Jahreszeiten bestimmt: Eiersuche im Fr\u00fchling (P\u00e2ques en folie), imagin\u00e4re und fantastische G\u00e4rten im Sommer (Festival des jardins m\u00e9tiss\u00e9s),<br \/>\nFest des Gem\u00fcsegartens im Herbst, wo der Geschmack des erstaunlichen Gem\u00fcsegartens von Wesserling und die Geheimnisse der G\u00e4rtner geteilt werden, und ein m\u00e4rchenhaftes Weihnachtsspektakel durch die G\u00e4rten bei Einbruch der Nacht, sehr oft im Schnee (No\u00ebl au jardin), und noch viele andere&#8230;<\/p>\n<p>\ud83e\udd13 Jedes Jahr wird ein neues Thema von K\u00fcnstlern und G\u00e4rtnern erforscht: Gulliver, Jules Verne, Alice im Wunderland, etc.<\/p>\n","protected":false},"excerpt":{"rendered":"<p>Ehemalige k\u00f6nigliche Manufaktur<\/p>\n","protected":false},"author":7,"featured_media":5064,"comment_status":"closed","ping_status":"closed","sticky":false,"template":"","format":"standard","meta":{"_seopress_robots_primary_cat":"none","_seopress_titles_title":"","_seopress_titles_desc":"","_seopress_robots_index":"","_et_pb_use_builder":"","_et_pb_old_content":"","_et_gb_content_width":"","footnotes":""},"categories":[41],"tags":[],"class_list":["post-5129","post","type-post","status-publish","format-standard","has-post-thumbnail","hentry","category-zu-sehen-zu-tun"],"_links":{"self":[{"href":"https:\/\/campingriquewihr.com\/de\/wp-json\/wp\/v2\/posts\/5129","targetHints":{"allow":["GET"]}}],"collection":[{"href":"https:\/\/campingriquewihr.com\/de\/wp-json\/wp\/v2\/posts"}],"about":[{"href":"https:\/\/campingriquewihr.com\/de\/wp-json\/wp\/v2\/types\/post"}],"author":[{"embeddable":true,"href":"https:\/\/campingriquewihr.com\/de\/wp-json\/wp\/v2\/users\/7"}],"replies":[{"embeddable":true,"href":"https:\/\/campingriquewihr.com\/de\/wp-json\/wp\/v2\/comments?post=5129"}],"version-history":[{"count":0,"href":"https:\/\/campingriquewihr.com\/de\/wp-json\/wp\/v2\/posts\/5129\/revisions"}],"wp:featuredmedia":[{"embeddable":true,"href":"https:\/\/campingriquewihr.com\/de\/wp-json\/wp\/v2\/media\/5064"}],"wp:attachment":[{"href":"https:\/\/campingriquewihr.com\/de\/wp-json\/wp\/v2\/media?parent=5129"}],"wp:term":[{"taxonomy":"category","embeddable":true,"href":"https:\/\/campingriquewihr.com\/de\/wp-json\/wp\/v2\/categories?post=5129"},{"taxonomy":"post_tag","embeddable":true,"href":"https:\/\/campingriquewihr.com\/de\/wp-json\/wp\/v2\/tags?post=5129"}],"curies":[{"name":"wp","href":"https:\/\/api.w.org\/{rel}","templated":true}]}}