{"id":6953,"date":"2025-11-28T09:07:38","date_gmt":"2025-11-28T08:07:38","guid":{"rendered":"https:\/\/campingriquewihr.com\/los-gehts\/"},"modified":"2025-12-03T14:54:18","modified_gmt":"2025-12-03T13:54:18","slug":"los-gehts","status":"publish","type":"post","link":"https:\/\/campingriquewihr.com\/de\/los-gehts\/","title":{"rendered":"Los geht&#8217;s!"},"content":{"rendered":"<h3 style=\"text-align: center;\"><span style=\"color: #008000;\">  Der Campingplatz \u00f6ffnet ab heute wieder seine T\u00fcren!<\/span><\/h3>\n<h5 style=\"text-align: center;\">Genie\u00dfen Sie die magische Atmosph\u00e4re der Weihnachtsm\u00e4rkte und wohnen Sie in einer gem\u00fctlichen und nat\u00fcrlichen Umgebung<br \/>\nOb Sie nun zum Bummeln, Probieren oder einfach nur zum Einatmen der frischen Luft kommen, wir freuen uns, Sie wieder begr\u00fc\u00dfen zu d\u00fcrfen.<\/h5>\n<h4 style=\"text-align: center;\"><span style=\"color: #008000;\">Online-Reservierungen werden dringend empfohlen : <a style=\"color: #008000;\" href=\"https:\/\/naxiresav2.inaxel.com\/etape1-criteres.php?arrivalDate=01%2F12%2F2025&amp;departureDate=05%2F12%2F2025&amp;compte=riquewihr&amp;&amp;ps=01%2F12%2F2025+-+05%2F12%2F2025&amp;pt=1&amp;nb=1&amp;destination=&amp;compte=riquewihr\">Campingplatz Riquewihr<\/a><\/span><\/h4>\n<p style=\"text-align: center;\"><strong><span style=\"color: #ff6600;\">****<\/span><\/strong><\/p>\n<p style=\"text-align: center;\"><strong><span style=\"color: #ff6600;\">Saison 2026: Er\u00f6ffnung der Buchungen Mitte Februar 2026! Immer auf unserer Webseite und ohne Geb\u00fchren! <\/span><\/strong><\/p>\n","protected":false},"excerpt":{"rendered":"<p>Wir sind zur\u00fcck<\/p>\n","protected":false},"author":7,"featured_media":5548,"comment_status":"closed","ping_status":"closed","sticky":false,"template":"","format":"standard","meta":{"_seopress_robots_primary_cat":"none","_seopress_titles_title":"","_seopress_titles_desc":"","_seopress_robots_index":"","_et_pb_use_builder":"","_et_pb_old_content":"","_et_gb_content_width":"","footnotes":""},"categories":[47],"tags":[68,96],"class_list":["post-6953","post","type-post","status-publish","format-standard","has-post-thumbnail","hentry","category-aktuelles-vom-campingplatz","tag-camping-riquewihr-de","tag-campingplatz-elsass"],"_links":{"self":[{"href":"https:\/\/campingriquewihr.com\/de\/wp-json\/wp\/v2\/posts\/6953","targetHints":{"allow":["GET"]}}],"collection":[{"href":"https:\/\/campingriquewihr.com\/de\/wp-json\/wp\/v2\/posts"}],"about":[{"href":"https:\/\/campingriquewihr.com\/de\/wp-json\/wp\/v2\/types\/post"}],"author":[{"embeddable":true,"href":"https:\/\/campingriquewihr.com\/de\/wp-json\/wp\/v2\/users\/7"}],"replies":[{"embeddable":true,"href":"https:\/\/campingriquewihr.com\/de\/wp-json\/wp\/v2\/comments?post=6953"}],"version-history":[{"count":1,"href":"https:\/\/campingriquewihr.com\/de\/wp-json\/wp\/v2\/posts\/6953\/revisions"}],"predecessor-version":[{"id":6964,"href":"https:\/\/campingriquewihr.com\/de\/wp-json\/wp\/v2\/posts\/6953\/revisions\/6964"}],"wp:featuredmedia":[{"embeddable":true,"href":"https:\/\/campingriquewihr.com\/de\/wp-json\/wp\/v2\/media\/5548"}],"wp:attachment":[{"href":"https:\/\/campingriquewihr.com\/de\/wp-json\/wp\/v2\/media?parent=6953"}],"wp:term":[{"taxonomy":"category","embeddable":true,"href":"https:\/\/campingriquewihr.com\/de\/wp-json\/wp\/v2\/categories?post=6953"},{"taxonomy":"post_tag","embeddable":true,"href":"https:\/\/campingriquewihr.com\/de\/wp-json\/wp\/v2\/tags?post=6953"}],"curies":[{"name":"wp","href":"https:\/\/api.w.org\/{rel}","templated":true}]}}