{"id":8425,"date":"2026-03-09T09:30:36","date_gmt":"2026-03-09T08:30:36","guid":{"rendered":"https:\/\/campingriquewihr.com\/ostern-2026-auf-dem-campingplatz\/"},"modified":"2026-03-09T09:32:47","modified_gmt":"2026-03-09T08:32:47","slug":"ostern-2026-auf-dem-campingplatz","status":"publish","type":"post","link":"https:\/\/campingriquewihr.com\/de\/ostern-2026-auf-dem-campingplatz\/","title":{"rendered":"Ostern 2026 auf dem Campingplatz"},"content":{"rendered":"<h4><span style=\"color: #008000;\">Der Fr\u00fchling kommt ins Elsass und das Osterwochenende ist die perfekte Gelegenheit, um sich eine Pause von Natur und Entspannung im Herzen der els\u00e4ssischen Weinberge zu g\u00f6nnen.<\/span><\/h4>\n<p><em>Gute Nachrichten: Der Ostermontag ist im Elsass ein Feiertag, so dass Sie ein sch\u00f6nes langes Wochenende haben, um die Region zu erkunden, durch die D\u00f6rfer zu spazieren und die ersten sch\u00f6nen Fr\u00fchlingstage zu genie\u00dfen.<\/em><\/p>\n<p><span style=\"color: #008000;\">\u3009\u3009<\/span> Die Stellpl\u00e4tze sind f\u00fcr diesen Zeitraum schnell vergeben, denken Sie daran, jetzt direkt online auf unserer Website zu buchen:<br \/>\n<a href=\"https:\/\/campingriquewihr.com\">\u3009 https:\/\/campingriquewihr.com<\/a><\/p>\n<p><span style=\"color: #008000;\">Fr\u00fchlings- und Osterm\u00e4rkte in der N\u00e4he<\/span><\/p>\n<p><span style=\"color: #008000;\">\u3009\u3009<\/span> <span style=\"color: #008000;\">Der Colmarer Fr\u00fchlingsmarkt<\/span><br \/>\nVom 2. bis 26. April<br \/>\n<span style=\"color: #008000;\">\u3009\u3009<\/span> Mit dem Fahrrad vom Campingplatz aus erreichbar (ca. 12 km)<br \/>\nZwischen Osterdekorationen, Kunsthandwerk, els\u00e4ssischen Spezialit\u00e4ten und einer festlichen Atmosph\u00e4re ist dies ein unumg\u00e4nglicher Termin im Fr\u00fchling.<\/p>\n<p><span style=\"color: #008000;\">\u3009\u3009<\/span> <span style=\"color: #008000;\">Der Ostermarkt in Riquewihr<\/span><br \/>\nVom 3. bis 6. April<br \/>\n<span style=\"color: #008000;\">\u3009\u3009<\/span> Nur 1 km vom Campingplatz entfernt, zu Fu\u00df erreichbar<br \/>\nEine gute Gelegenheit, die Fr\u00fchlingsstimmung in einem der sch\u00f6nsten D\u00f6rfer des Elsass zu erleben.<\/p>\n<p>&nbsp;<\/p>\n","protected":false},"excerpt":{"rendered":"<p>Ein sch\u00f6nes Wochenende in Aussicht<\/p>\n","protected":false},"author":7,"featured_media":8419,"comment_status":"closed","ping_status":"closed","sticky":false,"template":"","format":"standard","meta":{"_seopress_robots_primary_cat":"none","_seopress_titles_title":"","_seopress_titles_desc":"","_seopress_robots_index":"","_et_pb_use_builder":"","_et_pb_old_content":"","_et_gb_content_width":"","footnotes":""},"categories":[47],"tags":[68,96],"class_list":["post-8425","post","type-post","status-publish","format-standard","has-post-thumbnail","hentry","category-aktuelles-vom-campingplatz","tag-camping-riquewihr-de","tag-campingplatz-elsass"],"_links":{"self":[{"href":"https:\/\/campingriquewihr.com\/de\/wp-json\/wp\/v2\/posts\/8425","targetHints":{"allow":["GET"]}}],"collection":[{"href":"https:\/\/campingriquewihr.com\/de\/wp-json\/wp\/v2\/posts"}],"about":[{"href":"https:\/\/campingriquewihr.com\/de\/wp-json\/wp\/v2\/types\/post"}],"author":[{"embeddable":true,"href":"https:\/\/campingriquewihr.com\/de\/wp-json\/wp\/v2\/users\/7"}],"replies":[{"embeddable":true,"href":"https:\/\/campingriquewihr.com\/de\/wp-json\/wp\/v2\/comments?post=8425"}],"version-history":[{"count":2,"href":"https:\/\/campingriquewihr.com\/de\/wp-json\/wp\/v2\/posts\/8425\/revisions"}],"predecessor-version":[{"id":8436,"href":"https:\/\/campingriquewihr.com\/de\/wp-json\/wp\/v2\/posts\/8425\/revisions\/8436"}],"wp:featuredmedia":[{"embeddable":true,"href":"https:\/\/campingriquewihr.com\/de\/wp-json\/wp\/v2\/media\/8419"}],"wp:attachment":[{"href":"https:\/\/campingriquewihr.com\/de\/wp-json\/wp\/v2\/media?parent=8425"}],"wp:term":[{"taxonomy":"category","embeddable":true,"href":"https:\/\/campingriquewihr.com\/de\/wp-json\/wp\/v2\/categories?post=8425"},{"taxonomy":"post_tag","embeddable":true,"href":"https:\/\/campingriquewihr.com\/de\/wp-json\/wp\/v2\/tags?post=8425"}],"curies":[{"name":"wp","href":"https:\/\/api.w.org\/{rel}","templated":true}]}}