{"id":4175,"date":"2024-04-20T15:29:02","date_gmt":"2024-04-20T13:29:02","guid":{"rendered":"https:\/\/campingriquewihr.com\/estacion-de-carga\/"},"modified":"2024-04-25T11:09:33","modified_gmt":"2024-04-25T09:09:33","slug":"estacion-de-carga","status":"publish","type":"post","link":"https:\/\/campingriquewihr.com\/es\/estacion-de-carga\/","title":{"rendered":"Estaci\u00f3n de carga"},"content":{"rendered":"<p class=\"cvGsUA direction-ltr align-center para-style-body\" style=\"text-align: center;\">\n            <span class=\"OYPEnA text-decoration-none text-strikethrough-none\">El camping dispone ahora de un punto de recarga donde podr\u00e1s recargar tu veh\u00edculo con total seguridad.<\/span>\n          <\/p>\n<p class=\"cvGsUA direction-ltr align-center para-style-body\" style=\"text-align: center;\">\n            <span class=\"OYPEnA text-decoration-none text-strikethrough-none\">y con una potencia de carga de 22 kW.<\/span>\n          <\/p>\n<p class=\"cvGsUA direction-ltr align-center para-style-body\" style=\"text-align: center;\">\n            <span class=\"OYPEnA text-decoration-none text-strikethrough-none\">Encontrar\u00e1s el punto de recarga en nuestro aparcamiento exterior, accesible a los clientes y al p\u00fablico en general las 24 horas del d\u00eda.<\/span>\n          <\/p>\n<p class=\"cvGsUA direction-ltr align-center para-style-body\" style=\"text-align: center;\">\n            <strong><div class='et-box et-shadow'>\n\t\t\t\t\t<div class='et-box-content'>Consejo: \u00a1utiliza el c\u00f3digo QR del terminal para beneficiarte de tarifas especiales!<\/div><\/div> <\/strong>\n          <\/p>\n<p class=\"cvGsUA direction-ltr align-center para-style-body\">\n","protected":false},"excerpt":{"rendered":"<p>\u00a1Cuidado con los veh\u00edculos el\u00e9ctricos!<\/p>\n","protected":false},"author":7,"featured_media":4450,"comment_status":"closed","ping_status":"closed","sticky":false,"template":"","format":"standard","meta":{"_seopress_robots_primary_cat":"none","_seopress_titles_title":"","_seopress_titles_desc":"","_seopress_robots_index":"","_et_pb_use_builder":"","_et_pb_old_content":"","_et_gb_content_width":"","footnotes":""},"categories":[48],"tags":[],"class_list":["post-4175","post","type-post","status-publish","format-standard","has-post-thumbnail","hentry","category-noticias-del-camping"],"_links":{"self":[{"href":"https:\/\/campingriquewihr.com\/es\/wp-json\/wp\/v2\/posts\/4175","targetHints":{"allow":["GET"]}}],"collection":[{"href":"https:\/\/campingriquewihr.com\/es\/wp-json\/wp\/v2\/posts"}],"about":[{"href":"https:\/\/campingriquewihr.com\/es\/wp-json\/wp\/v2\/types\/post"}],"author":[{"embeddable":true,"href":"https:\/\/campingriquewihr.com\/es\/wp-json\/wp\/v2\/users\/7"}],"replies":[{"embeddable":true,"href":"https:\/\/campingriquewihr.com\/es\/wp-json\/wp\/v2\/comments?post=4175"}],"version-history":[{"count":0,"href":"https:\/\/campingriquewihr.com\/es\/wp-json\/wp\/v2\/posts\/4175\/revisions"}],"wp:featuredmedia":[{"embeddable":true,"href":"https:\/\/campingriquewihr.com\/es\/wp-json\/wp\/v2\/media\/4450"}],"wp:attachment":[{"href":"https:\/\/campingriquewihr.com\/es\/wp-json\/wp\/v2\/media?parent=4175"}],"wp:term":[{"taxonomy":"category","embeddable":true,"href":"https:\/\/campingriquewihr.com\/es\/wp-json\/wp\/v2\/categories?post=4175"},{"taxonomy":"post_tag","embeddable":true,"href":"https:\/\/campingriquewihr.com\/es\/wp-json\/wp\/v2\/tags?post=4175"}],"curies":[{"name":"wp","href":"https:\/\/api.w.org\/{rel}","templated":true}]}}