{"id":5653,"date":"2025-09-28T09:49:58","date_gmt":"2025-09-28T07:49:58","guid":{"rendered":"https:\/\/campingriquewihr.com\/apertura-del-camping\/"},"modified":"2025-09-28T15:13:11","modified_gmt":"2025-09-28T13:13:11","slug":"apertura-del-camping","status":"publish","type":"post","link":"https:\/\/campingriquewihr.com\/es\/apertura-del-camping\/","title":{"rendered":"Diciembre en el camping"},"content":{"rendered":"<p style=\"text-align: center;\">\u21d2 \u00a1El camping permanece abierto durante las fiestas! \u21d0<\/p>\n<p style=\"text-align: center;\"> <strong>Abierto del 28 de noviembre de 2025 al 2 de enero de 2026<\/strong><\/p>\n<p style=\"text-align: center;\">Disfruta de la magia de los mercados navide\u00f1os en un entorno c\u00e1lido y pr\u00e1ctico:<\/p>\n<p style=\"text-align: center;\">\u2666 Instalaciones sanitarias con calefacci\u00f3n y accesibles para PMR<br \/>\n\u2666 Parcelas estabilizadas con electricidad de 16A<br \/>\n\u2666 Autob\u00fas lanzadera a los mercados navide\u00f1os a s\u00f3lo 15 minutos a pie<\/p>\n<p style=\"text-align: center;\">Ven a vivir el esp\u00edritu festivo con nosotros, \u00a1con toda tranquilidad!<\/p>\n<p style=\"text-align: center;\"><strong>\u00a1<a href=\"https:\/\/naxiresav2.inaxel.com\/etape1-criteres.php?compte=riquewihr\">Reserva<\/a> ahora gratis!<\/strong><\/p>\n","protected":false},"excerpt":{"rendered":"<p>\u00a1Cierre el 2 de enero de 2026!<\/p>\n","protected":false},"author":7,"featured_media":5647,"comment_status":"closed","ping_status":"closed","sticky":false,"template":"","format":"standard","meta":{"_seopress_robots_primary_cat":"none","_seopress_titles_title":"  Abierto del 28 de noviembre de 2025 al 2 de enero de 2026","_seopress_titles_desc":"  Abierto del 28 de noviembre de 2025 al 2 de enero de 2026","_seopress_robots_index":"","_et_pb_use_builder":"","_et_pb_old_content":"","_et_gb_content_width":"","footnotes":""},"categories":[48],"tags":[86,62,117,60],"class_list":["post-5653","post","type-post","status-publish","format-standard","has-post-thumbnail","hentry","category-noticias-del-camping","tag-alsace-es","tag-camping-riquewihr-es","tag-mercados-de-navidad-en-alsacia","tag-riquewihr-es"],"_links":{"self":[{"href":"https:\/\/campingriquewihr.com\/es\/wp-json\/wp\/v2\/posts\/5653","targetHints":{"allow":["GET"]}}],"collection":[{"href":"https:\/\/campingriquewihr.com\/es\/wp-json\/wp\/v2\/posts"}],"about":[{"href":"https:\/\/campingriquewihr.com\/es\/wp-json\/wp\/v2\/types\/post"}],"author":[{"embeddable":true,"href":"https:\/\/campingriquewihr.com\/es\/wp-json\/wp\/v2\/users\/7"}],"replies":[{"embeddable":true,"href":"https:\/\/campingriquewihr.com\/es\/wp-json\/wp\/v2\/comments?post=5653"}],"version-history":[{"count":4,"href":"https:\/\/campingriquewihr.com\/es\/wp-json\/wp\/v2\/posts\/5653\/revisions"}],"predecessor-version":[{"id":6805,"href":"https:\/\/campingriquewihr.com\/es\/wp-json\/wp\/v2\/posts\/5653\/revisions\/6805"}],"wp:featuredmedia":[{"embeddable":true,"href":"https:\/\/campingriquewihr.com\/es\/wp-json\/wp\/v2\/media\/5647"}],"wp:attachment":[{"href":"https:\/\/campingriquewihr.com\/es\/wp-json\/wp\/v2\/media?parent=5653"}],"wp:term":[{"taxonomy":"category","embeddable":true,"href":"https:\/\/campingriquewihr.com\/es\/wp-json\/wp\/v2\/categories?post=5653"},{"taxonomy":"post_tag","embeddable":true,"href":"https:\/\/campingriquewihr.com\/es\/wp-json\/wp\/v2\/tags?post=5653"}],"curies":[{"name":"wp","href":"https:\/\/api.w.org\/{rel}","templated":true}]}}