{"id":6257,"date":"2026-04-09T08:54:36","date_gmt":"2026-04-09T06:54:36","guid":{"rendered":"https:\/\/campingriquewihr.com\/pasea-por-los-vinedos\/"},"modified":"2026-04-09T08:56:51","modified_gmt":"2026-04-09T06:56:51","slug":"pasea-por-los-vinedos","status":"publish","type":"post","link":"https:\/\/campingriquewihr.com\/es\/pasea-por-los-vinedos\/","title":{"rendered":"Pasea por los vi\u00f1edos"},"content":{"rendered":"<h3><strong><span style=\"color: #ff6600;\">\u00a1Pronto!  <\/span><\/strong><\/h3>\n<p>Tras el \u00e9xito de la primera serie de paseos, Charlotte propone ahora una nueva serie de escapadas para descubrir los vi\u00f1edos de Alsacia.<br \/>\nEn el programa: magn\u00edficos paisajes, paseo guiado (en franc\u00e9s e ingl\u00e9s) por el coraz\u00f3n de los vi\u00f1edos<\/p>\n<p>\u2666 <span style=\"color: #ff6600;\">S<\/span> alida: 10h &#8211; Duraci\u00f3n: 2h15 aprox.<br \/>\n<span style=\"color: #ff6600;\">\u2666<\/span> Cita en la recepci\u00f3n del camping<br \/>\n<span style=\"color: #ff6600;\">\u2666<\/span> 18 \u20ac\/adulto &#8211; 11 \u20ac\/ni\u00f1o (de 6 a 16 a\u00f1os)<br \/>\n<span style=\"color: #ff6600;\">\u2666<\/span> Imprescindible buen calzado &#8211; Se admiten perros (no cochecitos)<br \/>\n<span style=\"color: #ff6600;\">\u2666 <\/span>Copa de la amistad incluida<br \/>\n<span style=\"color: #ff6600;\">\u2666<\/span> Plazas limitadas &#8211; Reserva obligatoria: info@campingriquewihr.com<\/p>\n<p><span style=\"color: #ff6600;\">\u2666<\/span> Fechas:<\/p>\n<p>&#8211; Jueves 16 de abril<br \/>\n&#8211; Viernes 1 de mayo<br \/>\n&#8211; S\u00e1bado 9 de mayo<\/p>\n<p><em><span style=\"color: #ff6600;\">\u00a1Disfr\u00fatalo en familia, en pareja o con amigos!  <\/span><\/em><\/p>\n","protected":false},"excerpt":{"rendered":"<p>con Charlotte<\/p>\n","protected":false},"author":7,"featured_media":8783,"comment_status":"closed","ping_status":"closed","sticky":false,"template":"","format":"standard","meta":{"_seopress_robots_primary_cat":"none","_seopress_titles_title":"","_seopress_titles_desc":"","_seopress_robots_index":"s\u00ed","_et_pb_use_builder":"","_et_pb_old_content":"","_et_gb_content_width":"","footnotes":""},"categories":[48],"tags":[62],"class_list":["post-6257","post","type-post","status-publish","format-standard","has-post-thumbnail","hentry","category-noticias-del-camping","tag-camping-riquewihr-es"],"_links":{"self":[{"href":"https:\/\/campingriquewihr.com\/es\/wp-json\/wp\/v2\/posts\/6257","targetHints":{"allow":["GET"]}}],"collection":[{"href":"https:\/\/campingriquewihr.com\/es\/wp-json\/wp\/v2\/posts"}],"about":[{"href":"https:\/\/campingriquewihr.com\/es\/wp-json\/wp\/v2\/types\/post"}],"author":[{"embeddable":true,"href":"https:\/\/campingriquewihr.com\/es\/wp-json\/wp\/v2\/users\/7"}],"replies":[{"embeddable":true,"href":"https:\/\/campingriquewihr.com\/es\/wp-json\/wp\/v2\/comments?post=6257"}],"version-history":[{"count":1,"href":"https:\/\/campingriquewihr.com\/es\/wp-json\/wp\/v2\/posts\/6257\/revisions"}],"predecessor-version":[{"id":8789,"href":"https:\/\/campingriquewihr.com\/es\/wp-json\/wp\/v2\/posts\/6257\/revisions\/8789"}],"wp:featuredmedia":[{"embeddable":true,"href":"https:\/\/campingriquewihr.com\/es\/wp-json\/wp\/v2\/media\/8783"}],"wp:attachment":[{"href":"https:\/\/campingriquewihr.com\/es\/wp-json\/wp\/v2\/media?parent=6257"}],"wp:term":[{"taxonomy":"category","embeddable":true,"href":"https:\/\/campingriquewihr.com\/es\/wp-json\/wp\/v2\/categories?post=6257"},{"taxonomy":"post_tag","embeddable":true,"href":"https:\/\/campingriquewihr.com\/es\/wp-json\/wp\/v2\/tags?post=6257"}],"curies":[{"name":"wp","href":"https:\/\/api.w.org\/{rel}","templated":true}]}}