{"id":8427,"date":"2026-03-09T09:30:36","date_gmt":"2026-03-09T08:30:36","guid":{"rendered":"https:\/\/campingriquewihr.com\/semana-santa-2026-en-el-camping\/"},"modified":"2026-03-09T09:32:53","modified_gmt":"2026-03-09T08:32:53","slug":"semana-santa-2026-en-el-camping","status":"publish","type":"post","link":"https:\/\/campingriquewihr.com\/es\/semana-santa-2026-en-el-camping\/","title":{"rendered":"Semana Santa 2026 en el camping"},"content":{"rendered":"<h4><span style=\"color: #008000;\">La primavera est\u00e1 a la vuelta de la esquina en Alsacia, y el fin de semana de Pascua es la oportunidad perfecta para hacer una escapada de relax al coraz\u00f3n de los vi\u00f1edos alsacianos.<\/span><\/h4>\n<p><em>La buena noticia es que el Lunes de Pascua es festivo en Alsacia, as\u00ed que puedes aprovechar un agradable fin de semana largo para descubrir la regi\u00f3n, pasear por los pueblos y disfrutar de los primeros hermosos d\u00edas de la primavera.<\/em><\/p>\n<p>\u3009\u3009 <span style=\"color: #008000;\">Las plazas<\/span> se agotan r\u00e1pidamente para este periodo, as\u00ed que recuerda reservar ahora directamente en l\u00ednea en nuestro sitio web:<br \/>\n<a href=\"https:\/\/campingriquewihr.com\">\u3009 https:\/\/campingriquewihr.com<\/a><\/p>\n<p><span style=\"color: #008000;\">Mercados de primavera y Semana Santa en las cercan\u00edas<\/span><\/p>\n<p><span style=\"color: #008000;\">\u3009\u3009<\/span> <span style=\"color: #008000;\">Mercado de Primavera de Colmar<\/span><br \/>\nDel 2 al 26 de abril<br \/>\n<span style=\"color: #008000;\">\u3009\u3009<\/span> Accesible en bicicleta desde el camping (aprox. 12 km)<br \/>\nCon sus decoraciones de Pascua, su artesan\u00eda, sus especialidades alsacianas y su ambiente festivo, es un acontecimiento primaveral que no te puedes perder.<\/p>\n<p><span style=\"color: #008000;\">\u3009\u3009<\/span> <span style=\"color: #008000;\">Mercado de Pascua de Riquewihr<\/span><br \/>\ndel 3 al 6 de abril<br \/>\n<span style=\"color: #008000;\">\u3009\u3009<\/span> A s\u00f3lo 1 km del camping, accesible a pie<br \/>\nUna gran oportunidad para descubrir el ambiente primaveral de uno de los pueblos m\u00e1s bonitos de Alsacia.<\/p>\n<p>&nbsp;<\/p>\n","protected":false},"excerpt":{"rendered":"<p>Te espera un gran fin de semana<\/p>\n","protected":false},"author":7,"featured_media":8421,"comment_status":"closed","ping_status":"closed","sticky":false,"template":"","format":"standard","meta":{"_seopress_robots_primary_cat":"none","_seopress_titles_title":"","_seopress_titles_desc":"","_seopress_robots_index":"","_et_pb_use_builder":"","_et_pb_old_content":"","_et_gb_content_width":"","footnotes":""},"categories":[48],"tags":[102,62],"class_list":["post-8427","post","type-post","status-publish","format-standard","has-post-thumbnail","hentry","category-noticias-del-camping","tag-camping-alsacia","tag-camping-riquewihr-es"],"_links":{"self":[{"href":"https:\/\/campingriquewihr.com\/es\/wp-json\/wp\/v2\/posts\/8427","targetHints":{"allow":["GET"]}}],"collection":[{"href":"https:\/\/campingriquewihr.com\/es\/wp-json\/wp\/v2\/posts"}],"about":[{"href":"https:\/\/campingriquewihr.com\/es\/wp-json\/wp\/v2\/types\/post"}],"author":[{"embeddable":true,"href":"https:\/\/campingriquewihr.com\/es\/wp-json\/wp\/v2\/users\/7"}],"replies":[{"embeddable":true,"href":"https:\/\/campingriquewihr.com\/es\/wp-json\/wp\/v2\/comments?post=8427"}],"version-history":[{"count":2,"href":"https:\/\/campingriquewihr.com\/es\/wp-json\/wp\/v2\/posts\/8427\/revisions"}],"predecessor-version":[{"id":8438,"href":"https:\/\/campingriquewihr.com\/es\/wp-json\/wp\/v2\/posts\/8427\/revisions\/8438"}],"wp:featuredmedia":[{"embeddable":true,"href":"https:\/\/campingriquewihr.com\/es\/wp-json\/wp\/v2\/media\/8421"}],"wp:attachment":[{"href":"https:\/\/campingriquewihr.com\/es\/wp-json\/wp\/v2\/media?parent=8427"}],"wp:term":[{"taxonomy":"category","embeddable":true,"href":"https:\/\/campingriquewihr.com\/es\/wp-json\/wp\/v2\/categories?post=8427"},{"taxonomy":"post_tag","embeddable":true,"href":"https:\/\/campingriquewihr.com\/es\/wp-json\/wp\/v2\/tags?post=8427"}],"curies":[{"name":"wp","href":"https:\/\/api.w.org\/{rel}","templated":true}]}}